{"id":2170,"date":"2024-01-07T20:24:27","date_gmt":"2024-01-07T19:24:27","guid":{"rendered":"https:\/\/senat-grossegladbacher.de\/?p=2170"},"modified":"2024-01-20T18:33:35","modified_gmt":"2024-01-20T17:33:35","slug":"wandertag-2023","status":"publish","type":"post","link":"https:\/\/senat-grossegladbacher.de\/?p=2170","title":{"rendered":"Wandertag 2023"},"content":{"rendered":"\n<p><strong>Wandertag der Senatoren<\/strong><\/p>\n\n\n\n<p>Zum diesj\u00e4hrigen Familienwandertag des Senats trafen sich die Wanderfreunde auf dem Parkplatz des Gasthauses Napoleon in Wipperf\u00fcrth, manche begleitet von ihrem vierbeinigen Freund. Auch der leichte Nieselregen konnte den Teilnehmern die Freude auf das Wandern nicht nehmen. Vielmehr freute man sich, den einen oder anderen nach der Urlaubszeit wiederzusehen und auf eine sch\u00f6ne Wanderung mit reichlichen Gelegenheiten zu netten Gespr\u00e4chen.<\/p>\n\n\n\n<p>Wetterbedingt fiel die Begr\u00fc\u00dfung unseres Pr\u00e4sidenten Rolf Sam diesmal etwas k\u00fcrzer, aber nicht weniger herzlich, aus. Nach Erl\u00e4uterung der Tour durch Heinz Braun, der auch dieses Jahr wieder die Wanderstrecke dankenswerterweise ausgearbeitet hatte, konnte sich noch jeder mit Getr\u00e4nken, die Susanne Fuchs freundlicherweise mitgebracht hatte, eindecken.<\/p>\n\n\n\n<p>Vom Parkplatz ging es zun\u00e4chst \u00fcber befestigte Wege am W\u00fcstenhof vorbei, dann \u00fcber Wirtschafts- und Waldwege dem Mausbach entlang bis zum Kurzen Siefen, dort bog die Gruppe in Richtung Ente ab. In Ente ankommen ging es nach \u00dcberquerung der B506 hinab zum Reichenbach. Von dort war es dann auch nicht mehr weit bis Wipperfeld. Und nach einem letzten, aber kr\u00e4ftigen Anstieg erreichte die Gruppe wieder das Gasthaus Napoleon.&nbsp;<\/p>\n\n\n\n<p>Nach der zweist\u00fcndigen und ca. 7,5km langen Wanderung freuten sich die Teilnehmer nun auf das gem\u00fctliche Beisammensein im Trockenen, wozu sich auch einige Nichtwanderer dazugesellten. Dabei waren auch der Pr\u00e4sidenten der Gro\u00dfen Gladbacher Alexander Pfister mit seiner Frau Melanie, der Jungfrau der letzten Session, die das Treffen nicht vers\u00e4umen wollten.<\/p>\n\n\n\n<p>Bei einem leckeren B\u00fcffet gab es noch reichlich Gelegenheit f\u00fcr weiteren Erfahrungsaustausch So verging die Zeit wie im Fluge. Am fr\u00fchen Nachmittag l\u00f6ste sich die Gruppe nach dem tollen Wandertag langsam auf und danke Susanne Fuchs und Heinz Braun f\u00fcr ihre hervorragende Organisation und ihrer M\u00fche.<\/p>\n\n\n\n<figure class=\"wp-block-image size-full\"><img loading=\"lazy\" decoding=\"async\" width=\"1024\" height=\"768\" src=\"https:\/\/senat-grossegladbacher.de\/wp-content\/uploads\/2024\/01\/cadcd3ef-d126-415c-a67c-893d512824c9.jpg\" alt=\"\" class=\"wp-image-2175\" srcset=\"https:\/\/senat-grossegladbacher.de\/wp-content\/uploads\/2024\/01\/cadcd3ef-d126-415c-a67c-893d512824c9.jpg 1024w, https:\/\/senat-grossegladbacher.de\/wp-content\/uploads\/2024\/01\/cadcd3ef-d126-415c-a67c-893d512824c9-300x225.jpg 300w\" sizes=\"auto, (max-width: 1024px) 100vw, 1024px\" \/><\/figure>\n\n\n\n<figure class=\"wp-block-image size-full\"><img loading=\"lazy\" decoding=\"async\" width=\"1024\" height=\"768\" src=\"https:\/\/senat-grossegladbacher.de\/wp-content\/uploads\/2024\/01\/5d7bd899-591b-49c2-ac64-8176b0374133.jpg\" alt=\"\" class=\"wp-image-2176\" srcset=\"https:\/\/senat-grossegladbacher.de\/wp-content\/uploads\/2024\/01\/5d7bd899-591b-49c2-ac64-8176b0374133.jpg 1024w, https:\/\/senat-grossegladbacher.de\/wp-content\/uploads\/2024\/01\/5d7bd899-591b-49c2-ac64-8176b0374133-300x225.jpg 300w\" sizes=\"auto, (max-width: 1024px) 100vw, 1024px\" \/><\/figure>\n\n\n\n<p>Autor:  Reinald Pichlo<\/p>\n","protected":false},"excerpt":{"rendered":"<p>Wandertag der Senatoren Zum diesj\u00e4hrigen Familienwandertag des Senats trafen sich die Wanderfreunde auf dem Parkplatz des Gasthauses Napoleon in Wipperf\u00fcrth, manche begleitet von ihrem vierbeinigen Freund. Auch der leichte Nieselregen konnte den Teilnehmern die Freude auf das Wandern nicht nehmen. <a class=\"more-link\" href=\"https:\/\/senat-grossegladbacher.de\/?p=2170\"><span class=\"screen-reader-text\">  Wandertag 2023<\/span> weiterlesen<span class=\"meta-nav\">&rarr;<\/span><\/a><\/p>\n","protected":false},"author":2,"featured_media":0,"comment_status":"closed","ping_status":"closed","sticky":false,"template":"","format":"standard","meta":{"footnotes":""},"categories":[1],"tags":[],"class_list":["post-2170","post","type-post","status-publish","format-standard","hentry","category-allgemein"],"_links":{"self":[{"href":"https:\/\/senat-grossegladbacher.de\/index.php?rest_route=\/wp\/v2\/posts\/2170","targetHints":{"allow":["GET"]}}],"collection":[{"href":"https:\/\/senat-grossegladbacher.de\/index.php?rest_route=\/wp\/v2\/posts"}],"about":[{"href":"https:\/\/senat-grossegladbacher.de\/index.php?rest_route=\/wp\/v2\/types\/post"}],"author":[{"embeddable":true,"href":"https:\/\/senat-grossegladbacher.de\/index.php?rest_route=\/wp\/v2\/users\/2"}],"replies":[{"embeddable":true,"href":"https:\/\/senat-grossegladbacher.de\/index.php?rest_route=%2Fwp%2Fv2%2Fcomments&post=2170"}],"version-history":[{"count":3,"href":"https:\/\/senat-grossegladbacher.de\/index.php?rest_route=\/wp\/v2\/posts\/2170\/revisions"}],"predecessor-version":[{"id":2177,"href":"https:\/\/senat-grossegladbacher.de\/index.php?rest_route=\/wp\/v2\/posts\/2170\/revisions\/2177"}],"wp:attachment":[{"href":"https:\/\/senat-grossegladbacher.de\/index.php?rest_route=%2Fwp%2Fv2%2Fmedia&parent=2170"}],"wp:term":[{"taxonomy":"category","embeddable":true,"href":"https:\/\/senat-grossegladbacher.de\/index.php?rest_route=%2Fwp%2Fv2%2Fcategories&post=2170"},{"taxonomy":"post_tag","embeddable":true,"href":"https:\/\/senat-grossegladbacher.de\/index.php?rest_route=%2Fwp%2Fv2%2Ftags&post=2170"}],"curies":[{"name":"wp","href":"https:\/\/api.w.org\/{rel}","templated":true}]}}